{"id":11851,"date":"2025-10-23T08:06:37","date_gmt":"2025-10-23T07:06:37","guid":{"rendered":"https:\/\/www.nominette.com\/blog?p=11851"},"modified":"2025-10-23T08:06:39","modified_gmt":"2025-10-23T07:06:39","slug":"3-conseils-pour-la-decoration-dautomne-les-vetements-et-les-etiquettes","status":"publish","type":"post","link":"https:\/\/www.nominette.fr\/blog\/vacances\/3-conseils-pour-la-decoration-dautomne-les-vetements-et-les-etiquettes","title":{"rendered":"3 conseils pour la d\u00e9coration d\u2019automne, les v\u00eatements et les \u00e9tiquettes"},"content":{"rendered":"\n<p>Soyons honn\u00eates : l\u2019automne est tout simplement merveilleux. Le soleil qui brille encore doucement \u00e0 travers les arbres, l\u2019odeur des feuilles mouill\u00e9es et ce sentiment de cocooning ultime \u00e0 la maison. C\u2019est la saison parfaite pour \u00eatre cr\u00e9atif et plonger votre maison et vous-m\u00eame dans des couleurs automnales chaleureuses. Dans ce blog, nous vous donnons 3 conseils pour la d\u00e9coration d\u2019automne, les v\u00eatements et les \u00e9tiquettes, afin d\u2019ajouter une touche personnelle \u00e0 tous vos projets d\u2019automne.<\/p>\n\n\n\n<h1 class=\"wp-block-heading\"><strong><strong>La nature comme source d\u2019inspiration<\/strong><\/strong><\/h1>\n\n\n\n<p>Partez \u00e0 la d\u00e9couverte de la for\u00eat et ramassez des feuilles, des pommes de pin, des glands et de la mousse. Ces tr\u00e9sors naturels sont parfaits pour bricoler ou cr\u00e9er de jolies d\u00e9corations automnales. R\u00e9alisez par exemple une couronne, une d\u00e9coration de table ou une mini-composition automnale et ajoutez-y une touche de charme suppl\u00e9mentaire avec nos <a href=\"https:\/\/www.nominette.com\/rubans-a-texte\">rubans tiss\u00e9s<\/a> aux chaudes couleurs d\u2019automne. Vous ajouterez ainsi facilement une touche personnelle \u00e0 votre d\u00e9coration automnale.<\/p>\n\n\n\n<figure class=\"wp-block-image size-large\"><a href=\"https:\/\/www.nominette.nl\/blog\/wp-content\/uploads\/2025\/09\/Letitglow_kaarsjes_herfst_DIY_versieren_lint_label2-scaled.jpg\"><img loading=\"lazy\" decoding=\"async\" width=\"1024\" height=\"683\" src=\"https:\/\/www.nominette.fr\/blog\/wp-content\/uploads\/2025\/09\/Letitglow_kaarsjes_herfst_DIY_versieren_lint_label2-1024x683.jpg\" alt=\"\" class=\"wp-image-11828\" srcset=\"https:\/\/www.nominette.fr\/blog\/wp-content\/uploads\/2025\/09\/Letitglow_kaarsjes_herfst_DIY_versieren_lint_label2-1024x683.jpg 1024w, https:\/\/www.nominette.fr\/blog\/wp-content\/uploads\/2025\/09\/Letitglow_kaarsjes_herfst_DIY_versieren_lint_label2-300x200.jpg 300w, https:\/\/www.nominette.fr\/blog\/wp-content\/uploads\/2025\/09\/Letitglow_kaarsjes_herfst_DIY_versieren_lint_label2-768x512.jpg 768w, https:\/\/www.nominette.fr\/blog\/wp-content\/uploads\/2025\/09\/Letitglow_kaarsjes_herfst_DIY_versieren_lint_label2-1536x1024.jpg 1536w, https:\/\/www.nominette.fr\/blog\/wp-content\/uploads\/2025\/09\/Letitglow_kaarsjes_herfst_DIY_versieren_lint_label2-2048x1365.jpg 2048w\" sizes=\"auto, (max-width: 1024px) 100vw, 1024px\" \/><\/a><\/figure>\n\n\n\n<h2 class=\"wp-block-heading has-text-align-left\"><strong>Des couleurs automnales pour chaque projet<\/strong><\/h2>\n\n\n\n<p class=\"has-text-align-left\">Nos \u00e9tiquettes et rubans sont disponibles dans toutes les couleurs, du blanc et noir classiques aux tons automnaux profonds comme le bordeaux, le vert et le marron. Id\u00e9al pour donner \u00e0 vos v\u00eatements, projets cr\u00e9atifs ou d\u00e9corations de table un v\u00e9ritable look d\u2019automne. Vous voulez rendre vos projets encore plus uniques ? Combinez diff\u00e9rentes couleurs et motifs pour un r\u00e9sultat chaleureux et ludique. D\u00e9couvrez notre gamme compl\u00e8te <a href=\"https:\/\/www.nominette.com\/etiquette-a-coudre\">d\u2019\u00e9tiquettes \u00e0 coudre<\/a> et choisissez les couleurs qui correspondent \u00e0 votre style automnal.<\/p>\n\n\n\n<figure class=\"wp-block-image size-large is-resized\"><a href=\"https:\/\/www.nominette.com\/blog\/wp-content\/uploads\/2025\/10\/NOMINETTE-06302021-naamlabeldante-0002-scaled.jpg\"><img loading=\"lazy\" decoding=\"async\" width=\"1024\" height=\"683\" src=\"https:\/\/www.nominette.fr\/blog\/wp-content\/uploads\/2025\/10\/NOMINETTE-06302021-naamlabeldante-0002-1024x683.jpg\" alt=\"\" class=\"wp-image-11833\" style=\"width:817px;height:auto\" srcset=\"https:\/\/www.nominette.fr\/blog\/wp-content\/uploads\/2025\/10\/NOMINETTE-06302021-naamlabeldante-0002-1024x683.jpg 1024w, https:\/\/www.nominette.fr\/blog\/wp-content\/uploads\/2025\/10\/NOMINETTE-06302021-naamlabeldante-0002-300x200.jpg 300w, https:\/\/www.nominette.fr\/blog\/wp-content\/uploads\/2025\/10\/NOMINETTE-06302021-naamlabeldante-0002-768x512.jpg 768w, https:\/\/www.nominette.fr\/blog\/wp-content\/uploads\/2025\/10\/NOMINETTE-06302021-naamlabeldante-0002-1536x1024.jpg 1536w, https:\/\/www.nominette.fr\/blog\/wp-content\/uploads\/2025\/10\/NOMINETTE-06302021-naamlabeldante-0002-2048x1366.jpg 2048w\" sizes=\"auto, (max-width: 1024px) 100vw, 1024px\" \/><\/a><\/figure>\n\n\n\n<h3 class=\"wp-block-heading\"><strong>Jouer dehors sans souci<\/strong><\/h3>\n\n\n\n<p>L&rsquo;automne, c&rsquo;est l&rsquo;\u00e9poque des flaques d&rsquo;eau, ramasser des feuilles mortes et des jeux en plein air. Apr\u00e8s un apr\u00e8s-midi de boue, de pluie et de vent, les v\u00eatements finissent bien s\u00fbr \u00e0 la machine \u00e0 laver. \u00a0Heureusement, les noms de vos enfants restent bien visibles sur leurs v\u00eatements gr\u00e2ce \u00e0 nos <a href=\"https:\/\/www.nominette.com\/etiquette-a-coudre\">\u00e9tiquettes tiss\u00e9es<\/a>, m\u00eame apr\u00e8s de nombreux lavages. Ainsi, tout reste organis\u00e9 et rien ne se perd.<\/p>\n\n\n\n<figure class=\"wp-block-image size-large\"><a href=\"https:\/\/www.nominette.com\/blog\/wp-content\/uploads\/2025\/10\/Logolabel-met-wassymbolen-scaled.jpg\"><img loading=\"lazy\" decoding=\"async\" width=\"1024\" height=\"683\" src=\"https:\/\/www.nominette.fr\/blog\/wp-content\/uploads\/2025\/10\/Logolabel-met-wassymbolen-1024x683.jpg\" alt=\"\" class=\"wp-image-11838\" srcset=\"https:\/\/www.nominette.fr\/blog\/wp-content\/uploads\/2025\/10\/Logolabel-met-wassymbolen-1024x683.jpg 1024w, https:\/\/www.nominette.fr\/blog\/wp-content\/uploads\/2025\/10\/Logolabel-met-wassymbolen-300x200.jpg 300w, https:\/\/www.nominette.fr\/blog\/wp-content\/uploads\/2025\/10\/Logolabel-met-wassymbolen-768x512.jpg 768w, https:\/\/www.nominette.fr\/blog\/wp-content\/uploads\/2025\/10\/Logolabel-met-wassymbolen-1536x1024.jpg 1536w, https:\/\/www.nominette.fr\/blog\/wp-content\/uploads\/2025\/10\/Logolabel-met-wassymbolen-2048x1365.jpg 2048w\" sizes=\"auto, (max-width: 1024px) 100vw, 1024px\" \/><\/a><\/figure>\n\n\n\n<h4 class=\"wp-block-heading\"><strong>Laissez libre cours \u00e0 votre cr\u00e9ativit\u00e9<\/strong><\/h4>\n\n\n\n<p>Cet automne, laissez parler votre cr\u00e9ativit\u00e9 et votre esprit cocooning ! Partagez vos projets avec nous sur Instagram et taguez-nous ! <a href=\"https:\/\/www.instagram.com\/nominette_labels\/\">@nominette_Labels<\/a><\/p>\n\n\n\n<p><\/p>\n","protected":false},"excerpt":{"rendered":"<p>Soyons honn\u00eates : l\u2019automne est tout simplement merveilleux. Le soleil qui brille encore doucement \u00e0 travers les arbres, l\u2019odeur des feuilles mouill\u00e9es et ce sentiment de cocooning ultime \u00e0 la maison. C\u2019est la saison parfaite pour \u00eatre cr\u00e9atif et plonger votre maison et vous-m\u00eame dans des couleurs automnales chaleureuses. Dans ce blog, nous vous donnons&hellip;<\/p>\n","protected":false},"author":1,"featured_media":11830,"comment_status":"closed","ping_status":"closed","sticky":false,"template":"","format":"standard","meta":{"footnotes":""},"categories":[398,395],"tags":[],"class_list":["post-11851","post","type-post","status-publish","format-standard","has-post-thumbnail","hentry","category-automne","category-vacances"],"yoast_head":"<!-- This site is optimized with the Yoast SEO plugin v24.7 - https:\/\/yoast.com\/wordpress\/plugins\/seo\/ -->\n<title>3 conseils pour la d\u00e9coration d\u2019automne - Nominette<\/title>\n<meta name=\"description\" content=\"D\u00e9couvrez 3 conseils pour une jolie d\u00e9coration d\u2019automne avec des \u00e9tiquettes et rubans aux couleurs chaudes et naturelles.\" \/>\n<meta name=\"robots\" content=\"index, follow, max-snippet:-1, max-image-preview:large, max-video-preview:-1\" \/>\n<link rel=\"canonical\" href=\"https:\/\/www.nominette.fr\/blog\/vacances\/3-conseils-pour-la-decoration-dautomne-les-vetements-et-les-etiquettes\" \/>\n<meta property=\"og:locale\" content=\"fr_FR\" \/>\n<meta property=\"og:type\" content=\"article\" \/>\n<meta property=\"og:title\" content=\"3 conseils pour la d\u00e9coration d\u2019automne - Nominette\" \/>\n<meta property=\"og:description\" content=\"D\u00e9couvrez 3 conseils pour une jolie d\u00e9coration d\u2019automne avec des \u00e9tiquettes et rubans aux couleurs chaudes et naturelles.\" \/>\n<meta property=\"og:url\" content=\"https:\/\/www.nominette.fr\/blog\/vacances\/3-conseils-pour-la-decoration-dautomne-les-vetements-et-les-etiquettes\" \/>\n<meta property=\"og:site_name\" content=\"Nominette\" \/>\n<meta property=\"article:publisher\" content=\"https:\/\/www.facebook.com\/Nominette\" \/>\n<meta property=\"article:published_time\" content=\"2025-10-23T07:06:37+00:00\" \/>\n<meta property=\"article:modified_time\" content=\"2025-10-23T07:06:39+00:00\" \/>\n<meta property=\"og:image\" content=\"https:\/\/www.nominette.fr\/blog\/wp-content\/uploads\/2025\/09\/Letitglow_kaarsjes_herfst_DIY_versieren_lint_label2-scaled.jpg\" \/>\n\t<meta property=\"og:image:width\" content=\"2560\" \/>\n\t<meta property=\"og:image:height\" content=\"1707\" \/>\n\t<meta property=\"og:image:type\" content=\"image\/jpeg\" \/>\n<meta name=\"author\" content=\"Nominette\" \/>\n<meta name=\"twitter:card\" content=\"summary_large_image\" \/>\n<meta name=\"twitter:creator\" content=\"@nominette\" \/>\n<meta name=\"twitter:site\" content=\"@nominette\" \/>\n<meta name=\"twitter:label1\" content=\"\u00c9crit par\" \/>\n\t<meta name=\"twitter:data1\" content=\"Nominette\" \/>\n\t<meta name=\"twitter:label2\" content=\"Dur\u00e9e de lecture estim\u00e9e\" \/>\n\t<meta name=\"twitter:data2\" content=\"3 minutes\" \/>\n<script type=\"application\/ld+json\" class=\"yoast-schema-graph\">{\"@context\":\"https:\/\/schema.org\",\"@graph\":[{\"@type\":\"WebPage\",\"@id\":\"https:\/\/www.nominette.fr\/blog\/vacances\/3-conseils-pour-la-decoration-dautomne-les-vetements-et-les-etiquettes\",\"url\":\"https:\/\/www.nominette.fr\/blog\/vacances\/3-conseils-pour-la-decoration-dautomne-les-vetements-et-les-etiquettes\",\"name\":\"3 conseils pour la d\u00e9coration d\u2019automne - Nominette\",\"isPartOf\":{\"@id\":\"https:\/\/www.nominette.fr\/blog#website\"},\"primaryImageOfPage\":{\"@id\":\"https:\/\/www.nominette.fr\/blog\/vacances\/3-conseils-pour-la-decoration-dautomne-les-vetements-et-les-etiquettes#primaryimage\"},\"image\":{\"@id\":\"https:\/\/www.nominette.fr\/blog\/vacances\/3-conseils-pour-la-decoration-dautomne-les-vetements-et-les-etiquettes#primaryimage\"},\"thumbnailUrl\":\"https:\/\/www.nominette.fr\/blog\/wp-content\/uploads\/2025\/09\/Letitglow_kaarsjes_herfst_DIY_versieren_lint_label2-scaled.jpg\",\"datePublished\":\"2025-10-23T07:06:37+00:00\",\"dateModified\":\"2025-10-23T07:06:39+00:00\",\"author\":{\"@id\":\"https:\/\/www.nominette.fr\/blog#\/schema\/person\/365e9a7b5a80cfd63ce70841993dafc6\"},\"description\":\"D\u00e9couvrez 3 conseils pour une jolie d\u00e9coration d\u2019automne avec des \u00e9tiquettes et rubans aux couleurs chaudes et naturelles.\",\"breadcrumb\":{\"@id\":\"https:\/\/www.nominette.fr\/blog\/vacances\/3-conseils-pour-la-decoration-dautomne-les-vetements-et-les-etiquettes#breadcrumb\"},\"inLanguage\":\"fr-FR\",\"potentialAction\":[{\"@type\":\"ReadAction\",\"target\":[\"https:\/\/www.nominette.fr\/blog\/vacances\/3-conseils-pour-la-decoration-dautomne-les-vetements-et-les-etiquettes\"]}]},{\"@type\":\"ImageObject\",\"inLanguage\":\"fr-FR\",\"@id\":\"https:\/\/www.nominette.fr\/blog\/vacances\/3-conseils-pour-la-decoration-dautomne-les-vetements-et-les-etiquettes#primaryimage\",\"url\":\"https:\/\/www.nominette.fr\/blog\/wp-content\/uploads\/2025\/09\/Letitglow_kaarsjes_herfst_DIY_versieren_lint_label2-scaled.jpg\",\"contentUrl\":\"https:\/\/www.nominette.fr\/blog\/wp-content\/uploads\/2025\/09\/Letitglow_kaarsjes_herfst_DIY_versieren_lint_label2-scaled.jpg\",\"width\":2560,\"height\":1707},{\"@type\":\"BreadcrumbList\",\"@id\":\"https:\/\/www.nominette.fr\/blog\/vacances\/3-conseils-pour-la-decoration-dautomne-les-vetements-et-les-etiquettes#breadcrumb\",\"itemListElement\":[{\"@type\":\"ListItem\",\"position\":1,\"name\":\"Home\",\"item\":\"https:\/\/www.nominette.fr\/blog\"},{\"@type\":\"ListItem\",\"position\":2,\"name\":\"3 conseils pour la d\u00e9coration d\u2019automne, les v\u00eatements et les \u00e9tiquettes\"}]},{\"@type\":\"WebSite\",\"@id\":\"https:\/\/www.nominette.fr\/blog#website\",\"url\":\"https:\/\/www.nominette.fr\/blog\",\"name\":\"Nominette\",\"description\":\"gepersonaliseerde labels voor handgemaakte spulletjes\",\"potentialAction\":[{\"@type\":\"SearchAction\",\"target\":{\"@type\":\"EntryPoint\",\"urlTemplate\":\"https:\/\/www.nominette.fr\/blog?s={search_term_string}\"},\"query-input\":{\"@type\":\"PropertyValueSpecification\",\"valueRequired\":true,\"valueName\":\"search_term_string\"}}],\"inLanguage\":\"fr-FR\"},{\"@type\":\"Person\",\"@id\":\"https:\/\/www.nominette.fr\/blog#\/schema\/person\/365e9a7b5a80cfd63ce70841993dafc6\",\"name\":\"Nominette\",\"image\":{\"@type\":\"ImageObject\",\"inLanguage\":\"fr-FR\",\"@id\":\"https:\/\/www.nominette.fr\/blog#\/schema\/person\/image\/\",\"url\":\"https:\/\/secure.gravatar.com\/avatar\/6ab92dc068d690f939e3a4dc1373a3030899b42a58fd9e031f614af68b9db652?s=96&d=mm&r=g\",\"contentUrl\":\"https:\/\/secure.gravatar.com\/avatar\/6ab92dc068d690f939e3a4dc1373a3030899b42a58fd9e031f614af68b9db652?s=96&d=mm&r=g\",\"caption\":\"Nominette\"},\"url\":\"https:\/\/www.nominette.fr\/blog\/author\/nominette\"}]}<\/script>\n<!-- \/ Yoast SEO plugin. -->","yoast_head_json":{"title":"3 conseils pour la d\u00e9coration d\u2019automne - Nominette","description":"D\u00e9couvrez 3 conseils pour une jolie d\u00e9coration d\u2019automne avec des \u00e9tiquettes et rubans aux couleurs chaudes et naturelles.","robots":{"index":"index","follow":"follow","max-snippet":"max-snippet:-1","max-image-preview":"max-image-preview:large","max-video-preview":"max-video-preview:-1"},"canonical":"https:\/\/www.nominette.fr\/blog\/vacances\/3-conseils-pour-la-decoration-dautomne-les-vetements-et-les-etiquettes","og_locale":"fr_FR","og_type":"article","og_title":"3 conseils pour la d\u00e9coration d\u2019automne - Nominette","og_description":"D\u00e9couvrez 3 conseils pour une jolie d\u00e9coration d\u2019automne avec des \u00e9tiquettes et rubans aux couleurs chaudes et naturelles.","og_url":"https:\/\/www.nominette.fr\/blog\/vacances\/3-conseils-pour-la-decoration-dautomne-les-vetements-et-les-etiquettes","og_site_name":"Nominette","article_publisher":"https:\/\/www.facebook.com\/Nominette","article_published_time":"2025-10-23T07:06:37+00:00","article_modified_time":"2025-10-23T07:06:39+00:00","og_image":[{"width":2560,"height":1707,"url":"https:\/\/www.nominette.fr\/blog\/wp-content\/uploads\/2025\/09\/Letitglow_kaarsjes_herfst_DIY_versieren_lint_label2-scaled.jpg","type":"image\/jpeg"}],"author":"Nominette","twitter_card":"summary_large_image","twitter_creator":"@nominette","twitter_site":"@nominette","twitter_misc":{"\u00c9crit par":"Nominette","Dur\u00e9e de lecture estim\u00e9e":"3 minutes"},"schema":{"@context":"https:\/\/schema.org","@graph":[{"@type":"WebPage","@id":"https:\/\/www.nominette.fr\/blog\/vacances\/3-conseils-pour-la-decoration-dautomne-les-vetements-et-les-etiquettes","url":"https:\/\/www.nominette.fr\/blog\/vacances\/3-conseils-pour-la-decoration-dautomne-les-vetements-et-les-etiquettes","name":"3 conseils pour la d\u00e9coration d\u2019automne - Nominette","isPartOf":{"@id":"https:\/\/www.nominette.fr\/blog#website"},"primaryImageOfPage":{"@id":"https:\/\/www.nominette.fr\/blog\/vacances\/3-conseils-pour-la-decoration-dautomne-les-vetements-et-les-etiquettes#primaryimage"},"image":{"@id":"https:\/\/www.nominette.fr\/blog\/vacances\/3-conseils-pour-la-decoration-dautomne-les-vetements-et-les-etiquettes#primaryimage"},"thumbnailUrl":"https:\/\/www.nominette.fr\/blog\/wp-content\/uploads\/2025\/09\/Letitglow_kaarsjes_herfst_DIY_versieren_lint_label2-scaled.jpg","datePublished":"2025-10-23T07:06:37+00:00","dateModified":"2025-10-23T07:06:39+00:00","author":{"@id":"https:\/\/www.nominette.fr\/blog#\/schema\/person\/365e9a7b5a80cfd63ce70841993dafc6"},"description":"D\u00e9couvrez 3 conseils pour une jolie d\u00e9coration d\u2019automne avec des \u00e9tiquettes et rubans aux couleurs chaudes et naturelles.","breadcrumb":{"@id":"https:\/\/www.nominette.fr\/blog\/vacances\/3-conseils-pour-la-decoration-dautomne-les-vetements-et-les-etiquettes#breadcrumb"},"inLanguage":"fr-FR","potentialAction":[{"@type":"ReadAction","target":["https:\/\/www.nominette.fr\/blog\/vacances\/3-conseils-pour-la-decoration-dautomne-les-vetements-et-les-etiquettes"]}]},{"@type":"ImageObject","inLanguage":"fr-FR","@id":"https:\/\/www.nominette.fr\/blog\/vacances\/3-conseils-pour-la-decoration-dautomne-les-vetements-et-les-etiquettes#primaryimage","url":"https:\/\/www.nominette.fr\/blog\/wp-content\/uploads\/2025\/09\/Letitglow_kaarsjes_herfst_DIY_versieren_lint_label2-scaled.jpg","contentUrl":"https:\/\/www.nominette.fr\/blog\/wp-content\/uploads\/2025\/09\/Letitglow_kaarsjes_herfst_DIY_versieren_lint_label2-scaled.jpg","width":2560,"height":1707},{"@type":"BreadcrumbList","@id":"https:\/\/www.nominette.fr\/blog\/vacances\/3-conseils-pour-la-decoration-dautomne-les-vetements-et-les-etiquettes#breadcrumb","itemListElement":[{"@type":"ListItem","position":1,"name":"Home","item":"https:\/\/www.nominette.fr\/blog"},{"@type":"ListItem","position":2,"name":"3 conseils pour la d\u00e9coration d\u2019automne, les v\u00eatements et les \u00e9tiquettes"}]},{"@type":"WebSite","@id":"https:\/\/www.nominette.fr\/blog#website","url":"https:\/\/www.nominette.fr\/blog","name":"Nominette","description":"gepersonaliseerde labels voor handgemaakte spulletjes","potentialAction":[{"@type":"SearchAction","target":{"@type":"EntryPoint","urlTemplate":"https:\/\/www.nominette.fr\/blog?s={search_term_string}"},"query-input":{"@type":"PropertyValueSpecification","valueRequired":true,"valueName":"search_term_string"}}],"inLanguage":"fr-FR"},{"@type":"Person","@id":"https:\/\/www.nominette.fr\/blog#\/schema\/person\/365e9a7b5a80cfd63ce70841993dafc6","name":"Nominette","image":{"@type":"ImageObject","inLanguage":"fr-FR","@id":"https:\/\/www.nominette.fr\/blog#\/schema\/person\/image\/","url":"https:\/\/secure.gravatar.com\/avatar\/6ab92dc068d690f939e3a4dc1373a3030899b42a58fd9e031f614af68b9db652?s=96&d=mm&r=g","contentUrl":"https:\/\/secure.gravatar.com\/avatar\/6ab92dc068d690f939e3a4dc1373a3030899b42a58fd9e031f614af68b9db652?s=96&d=mm&r=g","caption":"Nominette"},"url":"https:\/\/www.nominette.fr\/blog\/author\/nominette"}]}},"_links":{"self":[{"href":"https:\/\/www.nominette.fr\/blog\/wp-json\/wp\/v2\/posts\/11851","targetHints":{"allow":["GET"]}}],"collection":[{"href":"https:\/\/www.nominette.fr\/blog\/wp-json\/wp\/v2\/posts"}],"about":[{"href":"https:\/\/www.nominette.fr\/blog\/wp-json\/wp\/v2\/types\/post"}],"author":[{"embeddable":true,"href":"https:\/\/www.nominette.fr\/blog\/wp-json\/wp\/v2\/users\/1"}],"replies":[{"embeddable":true,"href":"https:\/\/www.nominette.fr\/blog\/wp-json\/wp\/v2\/comments?post=11851"}],"version-history":[{"count":2,"href":"https:\/\/www.nominette.fr\/blog\/wp-json\/wp\/v2\/posts\/11851\/revisions"}],"predecessor-version":[{"id":11853,"href":"https:\/\/www.nominette.fr\/blog\/wp-json\/wp\/v2\/posts\/11851\/revisions\/11853"}],"wp:featuredmedia":[{"embeddable":true,"href":"https:\/\/www.nominette.fr\/blog\/wp-json\/wp\/v2\/media\/11830"}],"wp:attachment":[{"href":"https:\/\/www.nominette.fr\/blog\/wp-json\/wp\/v2\/media?parent=11851"}],"wp:term":[{"taxonomy":"category","embeddable":true,"href":"https:\/\/www.nominette.fr\/blog\/wp-json\/wp\/v2\/categories?post=11851"},{"taxonomy":"post_tag","embeddable":true,"href":"https:\/\/www.nominette.fr\/blog\/wp-json\/wp\/v2\/tags?post=11851"}],"curies":[{"name":"wp","href":"https:\/\/api.w.org\/{rel}","templated":true}]}}