{"id":9773,"date":"2021-04-29T13:44:46","date_gmt":"2021-04-29T12:44:46","guid":{"rendered":"https:\/\/www.nominette.com\/blog?p=9773"},"modified":"2021-05-04T09:51:34","modified_gmt":"2021-05-04T08:51:34","slug":"creer-une-etiquette-avec-logo-a-quoi-dois-je-faire-attention","status":"publish","type":"post","link":"https:\/\/www.nominette.fr\/blog\/creez-vos-etiquettes-tissees\/creer-une-etiquette-avec-logo-a-quoi-dois-je-faire-attention","title":{"rendered":"Cr\u00e9er une \u00e9tiquette avec logo &#8211; \u00e0 quoi dois-je faire attention?"},"content":{"rendered":"\n<p>Qu&rsquo;est-ce qui rendra votre propre produit encore plus customis\u00e9 et professionnel qu&rsquo;une \u00e9tiquette avec votre propre logo? Vous pouvez facilement cr\u00e9er votre propre \u00e9tiquette avec un logo en suivant les \u00e9tapes <a href=\"https:\/\/www.nominette.fr\/etiquette-de-vetement-logo-25mm\">sur la page Web.<\/a>&nbsp;Il vous reste encore des questions? Alors l\u2019explication suivante est fait pour vous aider d\u2019avantage.<\/p>\n\n\n\n<h3 class=\"wp-block-heading\"><strong>Votre propre logo<\/strong><\/h3>\n\n\n\n<p>Pour pouvoir commencer \u00e0 concevoir votre \u00e9tiquette, vous devez disposer d&rsquo;un logo personnalis\u00e9 pr\u00eat \u00e0 l&#8217;emploi, compos\u00e9 d&rsquo;un maximum de 2 couleurs (1 couleur de fond et 1 couleur de texte \/ figure). <\/p>\n\n\n\n<p>Vous pouvez cr\u00e9er un logo par vous-m\u00eame ou engager un concepteur de logo pour cela. Nominette est sp\u00e9cialis\u00e9e dans le tissage d&rsquo;\u00e9tiquettes en qualit\u00e9 taffetas. Nous ne sommes pas des graphistes et ne pouvons donc pas concevoir de logos. Vous pouvez t\u00e9l\u00e9charger le fichier avec votre logo pr\u00eat \u00e0 l&#8217;emploi sur notre site. Il est important qu&rsquo;il s&rsquo;agisse d&rsquo;un logo sans droits d&rsquo;auteur ou dont vous d\u00e9tenez les droits.<\/p>\n\n\n\n<h3 class=\"wp-block-heading\"><strong>\u00c9tape 1: Choisissez une largeur d&rsquo;\u00e9tiquette <\/strong><\/h3>\n\n\n\n<p>Une fois que vous avez votre propre fichier de logo, commencez \u00e0 l&rsquo;\u00e9tape 1 sur le site Web en choisissant la largeur de l&rsquo;\u00e9tiquette. La largeur de l&rsquo;\u00e9tiquette d\u00e9termine la largeur que la bande obtiendra de votre \u00e9tiquette. Vous pouvez choisir entre la largeur de l&rsquo;\u00e9tiquette 15 mm, 25 mm ou 40 mm. Si vous avez un logo tr\u00e8s fin et d\u00e9taill\u00e9, nous vous recommandons de choisir la largeur d&rsquo;\u00e9tiquette la plus \u00e9lev\u00e9e possible. Cela garantit que votre logo appara\u00eetra sur votre \u00e9tiquette aussi clairement que possible. <\/p>\n\n\n\n<p>Il est bon de savoir que chaque largeur d&rsquo;\u00e9tiquette a sa propre longueur d&rsquo;\u00e9tiquette. Les dimensions de chaque \u00e9tiquette sont r\u00e9pertori\u00e9es dans la simulation \u00e0 l&rsquo;\u00e9tape 4, dans le cadre turquoise. Nous travaillons avec des dimensions standards et fixes, donc celles-ci ne peuvent pas \u00eatre ajust\u00e9es.<\/p>\n\n\n\n<figure class=\"wp-block-image size-large\"><img loading=\"lazy\" decoding=\"async\" width=\"311\" height=\"495\" src=\"https:\/\/www.nominette.fr\/blog\/wp-content\/uploads\/2021\/04\/Etiquette-avec-logo-Nominette.jpg\" alt=\"\" class=\"wp-image-9775\" srcset=\"https:\/\/www.nominette.fr\/blog\/wp-content\/uploads\/2021\/04\/Etiquette-avec-logo-Nominette.jpg 311w, https:\/\/www.nominette.fr\/blog\/wp-content\/uploads\/2021\/04\/Etiquette-avec-logo-Nominette-188x300.jpg 188w, https:\/\/www.nominette.fr\/blog\/wp-content\/uploads\/2021\/04\/Etiquette-avec-logo-Nominette-250x398.jpg 250w, https:\/\/www.nominette.fr\/blog\/wp-content\/uploads\/2021\/04\/Etiquette-avec-logo-Nominette-113x180.jpg 113w\" sizes=\"auto, (max-width: 311px) 100vw, 311px\" \/><figcaption><em>S\u00e9lectionnez une largeur d&rsquo;\u00e9tiquette<\/em><\/figcaption><\/figure>\n\n\n\n<h3 class=\"wp-block-heading\"><strong>\u00c9tape 2: Choisissez une \u00e9tiquette paysage ou portrait<\/strong><\/h3>\n\n\n\n<p>Dans cette \u00e9tape, vous choisissez, comme son nom l&rsquo;indique, une \u00e9tiquette de paysage ou de portrait. Votre logo est toujours affich\u00e9 horizontalement sur l&rsquo;\u00e9tiquette.<\/p>\n\n\n\n<figure class=\"wp-block-image size-large is-resized\"><img loading=\"lazy\" decoding=\"async\" src=\"https:\/\/www.nominette.fr\/blog\/wp-content\/uploads\/2021\/04\/Middenvouw-liggend-en-staand.jpg\" alt=\"\u00c9tiquette avec logo Nominette\" class=\"wp-image-9659\" width=\"470\" height=\"318\" srcset=\"https:\/\/www.nominette.fr\/blog\/wp-content\/uploads\/2021\/04\/Middenvouw-liggend-en-staand.jpg 470w, https:\/\/www.nominette.fr\/blog\/wp-content\/uploads\/2021\/04\/Middenvouw-liggend-en-staand-300x203.jpg 300w, https:\/\/www.nominette.fr\/blog\/wp-content\/uploads\/2021\/04\/Middenvouw-liggend-en-staand-250x169.jpg 250w, https:\/\/www.nominette.fr\/blog\/wp-content\/uploads\/2021\/04\/Middenvouw-liggend-en-staand-266x180.jpg 266w, https:\/\/www.nominette.fr\/blog\/wp-content\/uploads\/2021\/04\/Middenvouw-liggend-en-staand-443x300.jpg 443w\" sizes=\"auto, (max-width: 470px) 100vw, 470px\" \/><figcaption><em>\u00c9tiquette paysage et portrait<\/em><\/figcaption><\/figure>\n\n\n\n<h3 class=\"wp-block-heading\"><strong>\u00c9tape 3: Choisissez votre type d&rsquo;\u00e9tiquette<\/strong><\/h3>\n\n\n\n<p>D\u00e9pendant de votre choix \u00e0 l&rsquo;\u00e9tape 2, si vous avez choisi la position portrait ou paysage, vous pouvez choisir diff\u00e9rents types d&rsquo;\u00e9tiquettes \u00e0 l&rsquo;\u00e9tape 3. Les explications plus en d\u00e9tail ci-dessous.<\/p>\n\n\n\n<h4 class=\"has-very-dark-gray-color has-text-color wp-block-heading\"><span style=\"text-decoration: underline;\">Pli final ou pli central<\/span><\/h4>\n\n\n\n<p><strong>Toutes nos \u00e9tiquettes sont livr\u00e9es en rouleau.<\/strong> Vous les coupez sur la ligne de coupe indiqu\u00e9e. Pour une \u00e9tiquette avec un pli final, repliez les extr\u00e9mit\u00e9s de l&rsquo;\u00e9tiquette apr\u00e8s l&rsquo;avoir d\u00e9coup\u00e9e. Apr\u00e8s pliage, l&rsquo;\u00e9tiquette peut \u00eatre cousue sur le c\u00f4t\u00e9 gauche et droit.<\/p>\n\n\n\n<p>De cette fa\u00e7on, l&rsquo;\u00e9tiquette reposera \u00e0 plat sur le v\u00eatement. Une \u00e9tiquette de pli final est souvent utilis\u00e9e au dos d&rsquo;un v\u00eatement ou cousu sur un v\u00eatement.<\/p>\n\n\n\n<figure class=\"wp-block-image size-large\"><img loading=\"lazy\" decoding=\"async\" width=\"537\" height=\"104\" src=\"https:\/\/www.nominette.fr\/blog\/wp-content\/uploads\/2021\/04\/Label-met-logo-eindvouw-middenvouw-Nominette-NL.png\" alt=\"\u00c9tiquette avec logo Nominette\" class=\"wp-image-9559\" srcset=\"https:\/\/www.nominette.fr\/blog\/wp-content\/uploads\/2021\/04\/Label-met-logo-eindvouw-middenvouw-Nominette-NL.png 537w, https:\/\/www.nominette.fr\/blog\/wp-content\/uploads\/2021\/04\/Label-met-logo-eindvouw-middenvouw-Nominette-NL-300x58.png 300w, https:\/\/www.nominette.fr\/blog\/wp-content\/uploads\/2021\/04\/Label-met-logo-eindvouw-middenvouw-Nominette-NL-250x48.png 250w\" sizes=\"auto, (max-width: 537px) 100vw, 537px\" \/><figcaption><em>\u00c9tiquette avec pli final \u00e0 gauche, \u00e9tiquette avec pli central \u00e0 droit<\/em><\/figcaption><\/figure>\n\n\n\n<p>Une \u00e9tiquette avec un pli central est souvent trait\u00e9e dans la couture d&rsquo;un produit \/ v\u00eatement, par exemple sur le c\u00f4t\u00e9 d&rsquo;une taie d&rsquo;oreiller. Apr\u00e8s avoir pli\u00e9 l&rsquo;\u00e9tiquette au milieu (par exemple \u00e0 l&rsquo;aide d&rsquo;un fer \u00e0 repasser), vous pouvez glisser un peu l&rsquo;\u00e9tiquette dans la couture ouverte. Ensuite, la couture est cousue ferm\u00e9e avec l&rsquo;\u00e9tiquette entre les deux. Pour une \u00e9tiquette avec un pli central, il est donc important d&rsquo;ins\u00e9rer l&rsquo;\u00e9tiquette dans votre produit avant d\u2019attacher la couture. <\/p>\n\n\n\n<h4 class=\"has-very-dark-gray-color has-text-color wp-block-heading\"><span style=\"text-decoration: underline;\">L\u2019\u00e9tiquette horizontale, de position Paysage<\/span><\/h4>\n\n\n\n<p>Avec une \u00e9tiquette de position Paysage, vous pouvez choisir parmi 4 types d&rsquo;\u00e9tiquettes, qui sont r\u00e9pertori\u00e9s dans le menu d\u00e9roulant \u00e0 l&rsquo;\u00e9tape 3 sur la page internet. Il s\u2019agit d\u2019un type d&rsquo;\u00e9tiquette paysage avec pli final ou de 3 types d&rsquo;\u00e9tiquettes avec pli central. Une \u00e9tiquette horizontale avec un pli central, vous permet de choisir de placer votre logo d&rsquo;un c\u00f4t\u00e9, donc le c\u00f4t\u00e9 gauche et l&rsquo;autre c\u00f4t\u00e9 vierge. &nbsp;Vous pouvez \u00e9galement choisir votre logo sur le c\u00f4t\u00e9 gauche et votre propre texte avec des symboles de lavage de l&rsquo;autre c\u00f4t\u00e9. Ou vous pouvez choisir une \u00e9tiquette avec votre logo plac\u00e9 des deux c\u00f4t\u00e9s. Ce sera exactement le m\u00eame logo, 2 logos diff\u00e9rents sur une \u00e9tiquette n&rsquo;est malheureusement pas possible chez Nominette, mais c&rsquo;est possible chez notre soci\u00e9t\u00e9 s\u0153ur <a href=\"https:\/\/www.eelabelfactory.com\/\" target=\"_blank\" rel=\"noreferrer noopener\" aria-label=\"EE Label Factory (opens in a new tab)\">EE Label Factory<\/a>.<\/p>\n\n\n\n<figure class=\"wp-block-image size-large\"><img loading=\"lazy\" decoding=\"async\" width=\"318\" height=\"499\" src=\"https:\/\/www.nominette.fr\/blog\/wp-content\/uploads\/2021\/04\/Etiquette-avec-logo-Nominette-1.jpg\" alt=\"\" class=\"wp-image-9781\" srcset=\"https:\/\/www.nominette.fr\/blog\/wp-content\/uploads\/2021\/04\/Etiquette-avec-logo-Nominette-1.jpg 318w, https:\/\/www.nominette.fr\/blog\/wp-content\/uploads\/2021\/04\/Etiquette-avec-logo-Nominette-1-191x300.jpg 191w, https:\/\/www.nominette.fr\/blog\/wp-content\/uploads\/2021\/04\/Etiquette-avec-logo-Nominette-1-250x392.jpg 250w, https:\/\/www.nominette.fr\/blog\/wp-content\/uploads\/2021\/04\/Etiquette-avec-logo-Nominette-1-115x180.jpg 115w\" sizes=\"auto, (max-width: 318px) 100vw, 318px\" \/><figcaption><em>Les options pour une \u00e9tiquette de paysage<\/em><\/figcaption><\/figure>\n\n\n\n<h4 class=\"has-very-dark-gray-color has-text-color wp-block-heading\"><span style=\"text-decoration: underline;\">L\u2019\u00e9tiquette verticale, de position Portrait<\/span><\/h4>\n\n\n\n<p>Nos \u00e9tiquettes verticales&nbsp; sont uniquement disponibles avec pli central. Pour cela, vous pouvez choisir parmi 4 options (r\u00e9pertori\u00e9es dans le menu d\u00e9roulant de l&rsquo;\u00e9tape 3 sur la page internet); votre logo miroit\u00e9 des deux c\u00f4t\u00e9s de l&rsquo;\u00e9tiquette, votre logo non-miroit\u00e9 des deux c\u00f4t\u00e9s de l&rsquo;\u00e9tiquette, votre logo d&rsquo;un c\u00f4t\u00e9 de l&rsquo;\u00e9tiquette et votre logo d&rsquo;un c\u00f4t\u00e9 avec du texte et des symboles de lavage de l&rsquo;autre c\u00f4t\u00e9 de l&rsquo;\u00e9tiquette.<\/p>\n\n\n\n<figure class=\"wp-block-image size-large\"><img loading=\"lazy\" decoding=\"async\" width=\"734\" height=\"315\" src=\"https:\/\/www.nominette.fr\/blog\/wp-content\/uploads\/2021\/04\/vertical-label-options.jpg\" alt=\"\u00c9tiquette avec logo Nominette\" class=\"wp-image-9669\" srcset=\"https:\/\/www.nominette.fr\/blog\/wp-content\/uploads\/2021\/04\/vertical-label-options.jpg 734w, https:\/\/www.nominette.fr\/blog\/wp-content\/uploads\/2021\/04\/vertical-label-options-300x129.jpg 300w, https:\/\/www.nominette.fr\/blog\/wp-content\/uploads\/2021\/04\/vertical-label-options-250x107.jpg 250w, https:\/\/www.nominette.fr\/blog\/wp-content\/uploads\/2021\/04\/vertical-label-options-550x236.jpg 550w, https:\/\/www.nominette.fr\/blog\/wp-content\/uploads\/2021\/04\/vertical-label-options-419x180.jpg 419w, https:\/\/www.nominette.fr\/blog\/wp-content\/uploads\/2021\/04\/vertical-label-options-699x300.jpg 699w\" sizes=\"auto, (max-width: 734px) 100vw, 734px\" \/><figcaption><em>Les options pour une \u00e9tiquette verticale<\/em><\/figcaption><\/figure>\n\n\n\n<h4 class=\"has-very-dark-gray-color has-text-color wp-block-heading\"><span style=\"text-decoration: underline;\">Symboles de lavage<\/span><\/h4>\n\n\n\n<p>Si vous choisissez le type d&rsquo;\u00e9tiquette avec des symboles de lavage et votre propre texte de l&rsquo;autre c\u00f4t\u00e9 de votre \u00e9tiquette, vous pouvez saisir le texte que vous voulez de ce c\u00f4t\u00e9 \u00e0 l&rsquo;\u00e9tape 5, apr\u00e8s avoir t\u00e9l\u00e9charg\u00e9 votre logo. Le texte est souvent plac\u00e9 ici, comme \u00ab\u00a0fait main par &#8230; \u00e0 &#8230;\u00a0\u00bb ou la composition des tissus de votre produit. Ces lignes de texte ont un nombre maximum de caract\u00e8res par ligne de texte. La police est \u00e9galement fixe et ne peut pas \u00eatre modifi\u00e9e. <\/p>\n\n\n\n<p>\u00c0 l&rsquo;\u00e9tape 6, vous choisissez ensuite les symboles de lavage qui s&rsquo;appliquent \u00e0 votre produit. Si vous choisissez des symboles de lavage, il est l\u00e9galement obligatoire de saisir les 5 symboles de lavage. Vous ne pouvez donc pas choisir de mentionner un symbole de lavage, par exemple uniquement le symbole de repassage. Vous devrez alors indiquer tous les symboles de lavage, avec les sp\u00e9cifications qui s&rsquo;appliquent \u00e0 votre produit. Si certains symboles de lavage ne s&rsquo;appliquent pas, s\u00e9lectionnez le symbole correspondant avec une croix.<\/p>\n\n\n\n<figure class=\"wp-block-image size-large\"><img loading=\"lazy\" decoding=\"async\" width=\"310\" height=\"85\" src=\"https:\/\/www.nominette.fr\/blog\/wp-content\/uploads\/2020\/11\/Middenvouw-liggend.png\" alt=\"\u00c9tiquette avec logo Nominette\" class=\"wp-image-9186\" srcset=\"https:\/\/www.nominette.fr\/blog\/wp-content\/uploads\/2020\/11\/Middenvouw-liggend.png 310w, https:\/\/www.nominette.fr\/blog\/wp-content\/uploads\/2020\/11\/Middenvouw-liggend-300x82.png 300w, https:\/\/www.nominette.fr\/blog\/wp-content\/uploads\/2020\/11\/Middenvouw-liggend-250x69.png 250w\" sizes=\"auto, (max-width: 310px) 100vw, 310px\" \/><figcaption><em>\u00c9tiquette avec symboles de lavage<\/em><\/figcaption><\/figure>\n\n\n\n<h3 class=\"wp-block-heading\"><strong>\u00c9tape 4: T\u00e9l\u00e9chargez votre logo<\/strong><\/h3>\n\n\n\n<p>Apr\u00e8s avoir choisi votre type d&rsquo;\u00e9tiquette, vous pouvez t\u00e9l\u00e9charger votre fichier avec votre logo. Le fichier doit \u00eatre dans l&rsquo;un des formats de fichier autoris\u00e9s. Il peut s&rsquo;agir d&rsquo;un fichier tif, eps, psd, jpg, gif, png, bmp ou svg, et la taille du fichier ne peut pas d\u00e9passer 4 000 pixels. Un fichier PDF ne fonctionne pas. Une fois que vous avez t\u00e9l\u00e9charg\u00e9 le fichier, votre logo appara\u00eetra dans la simulation dans quelques instants (cadre turquoise). Apr\u00e8s le t\u00e9l\u00e9chargement, il se peut que votre logo ne s&rsquo;affiche pas imm\u00e9diatement avec les bonnes couleurs. Pas de panique, plus tard, aux \u00e9tapes 7 et 8, vous choisissez les couleurs souhait\u00e9es.<\/p>\n\n\n\n<figure class=\"wp-block-image size-large\"><img loading=\"lazy\" decoding=\"async\" width=\"1024\" height=\"507\" src=\"https:\/\/www.nominette.fr\/blog\/wp-content\/uploads\/2021\/04\/Etiquette-avec-logo-Nominette-2-1024x507.jpg\" alt=\"\" class=\"wp-image-9787\" srcset=\"https:\/\/www.nominette.fr\/blog\/wp-content\/uploads\/2021\/04\/Etiquette-avec-logo-Nominette-2-1024x507.jpg 1024w, https:\/\/www.nominette.fr\/blog\/wp-content\/uploads\/2021\/04\/Etiquette-avec-logo-Nominette-2-300x148.jpg 300w, https:\/\/www.nominette.fr\/blog\/wp-content\/uploads\/2021\/04\/Etiquette-avec-logo-Nominette-2-768x380.jpg 768w, https:\/\/www.nominette.fr\/blog\/wp-content\/uploads\/2021\/04\/Etiquette-avec-logo-Nominette-2-250x124.jpg 250w, https:\/\/www.nominette.fr\/blog\/wp-content\/uploads\/2021\/04\/Etiquette-avec-logo-Nominette-2-550x272.jpg 550w, https:\/\/www.nominette.fr\/blog\/wp-content\/uploads\/2021\/04\/Etiquette-avec-logo-Nominette-2-800x396.jpg 800w, https:\/\/www.nominette.fr\/blog\/wp-content\/uploads\/2021\/04\/Etiquette-avec-logo-Nominette-2-364x180.jpg 364w, https:\/\/www.nominette.fr\/blog\/wp-content\/uploads\/2021\/04\/Etiquette-avec-logo-Nominette-2-606x300.jpg 606w, https:\/\/www.nominette.fr\/blog\/wp-content\/uploads\/2021\/04\/Etiquette-avec-logo-Nominette-2-1010x500.jpg 1010w, https:\/\/www.nominette.fr\/blog\/wp-content\/uploads\/2021\/04\/Etiquette-avec-logo-Nominette-2.jpg 1184w\" sizes=\"auto, (max-width: 1024px) 100vw, 1024px\" \/><figcaption><em>Simulation du logo t\u00e9l\u00e9charg\u00e9<\/em><\/figcaption><\/figure>\n\n\n\n<h3 class=\"has-very-dark-gray-color has-text-color wp-block-heading\"><span style=\"text-decoration: underline;\">A l\u2019aide, quelque chose ne va pas!<\/span><\/h3>\n\n\n\n<p>Il est tr\u00e8s important de bien v\u00e9rifier la simulation dans le cadre turquoise. Ce que vous voyez ici sera tiss\u00e9 exactement comme cela. Voyez-vous quelque chose dans la simulation qui ne correspond pas tout \u00e0 fait \u00e0 votre logo? Ou voyez-vous une zone color\u00e9e? Il pourrait y avoir un probl\u00e8me avec votre fichier logo. <\/p>\n\n\n\n<figure class=\"wp-block-image size-large\"><img loading=\"lazy\" decoding=\"async\" width=\"1024\" height=\"301\" src=\"https:\/\/www.nominette.fr\/blog\/wp-content\/uploads\/2021\/04\/Etiquette-avec-logo-Nominette-3-1024x301.jpg\" alt=\"\" class=\"wp-image-9793\" srcset=\"https:\/\/www.nominette.fr\/blog\/wp-content\/uploads\/2021\/04\/Etiquette-avec-logo-Nominette-3-1024x301.jpg 1024w, https:\/\/www.nominette.fr\/blog\/wp-content\/uploads\/2021\/04\/Etiquette-avec-logo-Nominette-3-300x88.jpg 300w, https:\/\/www.nominette.fr\/blog\/wp-content\/uploads\/2021\/04\/Etiquette-avec-logo-Nominette-3-768x225.jpg 768w, https:\/\/www.nominette.fr\/blog\/wp-content\/uploads\/2021\/04\/Etiquette-avec-logo-Nominette-3-250x73.jpg 250w, https:\/\/www.nominette.fr\/blog\/wp-content\/uploads\/2021\/04\/Etiquette-avec-logo-Nominette-3-550x161.jpg 550w, https:\/\/www.nominette.fr\/blog\/wp-content\/uploads\/2021\/04\/Etiquette-avec-logo-Nominette-3-800x235.jpg 800w, https:\/\/www.nominette.fr\/blog\/wp-content\/uploads\/2021\/04\/Etiquette-avec-logo-Nominette-3-613x180.jpg 613w, https:\/\/www.nominette.fr\/blog\/wp-content\/uploads\/2021\/04\/Etiquette-avec-logo-Nominette-3-1022x300.jpg 1022w, https:\/\/www.nominette.fr\/blog\/wp-content\/uploads\/2021\/04\/Etiquette-avec-logo-Nominette-3.jpg 1080w\" sizes=\"auto, (max-width: 1024px) 100vw, 1024px\" \/><figcaption><em>Exemple d&rsquo;erreur dans la simulation<\/em><\/figcaption><\/figure>\n\n\n\n<p>Par exemple lors de la simulation, votre logo est-il affich\u00e9 trop petit sur l&rsquo;\u00e9tiquette? Cela peut \u00eatre d\u00fb au fait qu&rsquo;il y a trop d&rsquo;espace vide autour de votre logo. Nous vous conseillons de couper autant que possible l&rsquo;espace vide autour de votre logo \/ fichier avant de t\u00e9l\u00e9charger le fichier.<\/p>\n\n\n\n<p>Si votre logo n&rsquo;est toujours pas lisible dans la simulation apr\u00e8s cela, il se peut que votre logo soit trop d\u00e9taill\u00e9 pour la hauteur d&rsquo;\u00e9tiquette que vous avez choisie. Ensuite, choisissez une \u00e9tiquette plus grande, simplifiez votre logo ou agrandissez les lignes de votre logo. Il est \u00e9galement possible que le contraste de votre logo soit trop faible, de sorte que votre logo ne soit pas reconnu. Augmentez ensuite le contraste dans votre fichier de logo et t\u00e9l\u00e9chargez \u00e0 nouveau votre logo. Vous pouvez \u00e9galement convertir votre fichier en noir et blanc, afin que le contraste soit plus fort. Apr\u00e8s le t\u00e9l\u00e9chargement, choisissez l&rsquo;une de nos couleurs standards aux \u00e9tapes 7 et 8.<\/p>\n\n\n\n<figure class=\"wp-block-image size-large\"><img loading=\"lazy\" decoding=\"async\" width=\"1024\" height=\"302\" src=\"https:\/\/www.nominette.fr\/blog\/wp-content\/uploads\/2021\/04\/Etiquette-avec-logo-Nominette-4-1024x302.jpg\" alt=\"\" class=\"wp-image-9798\" srcset=\"https:\/\/www.nominette.fr\/blog\/wp-content\/uploads\/2021\/04\/Etiquette-avec-logo-Nominette-4-1024x302.jpg 1024w, https:\/\/www.nominette.fr\/blog\/wp-content\/uploads\/2021\/04\/Etiquette-avec-logo-Nominette-4-300x89.jpg 300w, https:\/\/www.nominette.fr\/blog\/wp-content\/uploads\/2021\/04\/Etiquette-avec-logo-Nominette-4-768x227.jpg 768w, https:\/\/www.nominette.fr\/blog\/wp-content\/uploads\/2021\/04\/Etiquette-avec-logo-Nominette-4-250x74.jpg 250w, https:\/\/www.nominette.fr\/blog\/wp-content\/uploads\/2021\/04\/Etiquette-avec-logo-Nominette-4-550x162.jpg 550w, https:\/\/www.nominette.fr\/blog\/wp-content\/uploads\/2021\/04\/Etiquette-avec-logo-Nominette-4-800x236.jpg 800w, https:\/\/www.nominette.fr\/blog\/wp-content\/uploads\/2021\/04\/Etiquette-avec-logo-Nominette-4-610x180.jpg 610w, https:\/\/www.nominette.fr\/blog\/wp-content\/uploads\/2021\/04\/Etiquette-avec-logo-Nominette-4-1016x300.jpg 1016w, https:\/\/www.nominette.fr\/blog\/wp-content\/uploads\/2021\/04\/Etiquette-avec-logo-Nominette-4.jpg 1074w\" sizes=\"auto, (max-width: 1024px) 100vw, 1024px\" \/><figcaption><em>Exemple de logo peu clair dans la simulation<\/em><\/figcaption><\/figure>\n\n\n\n<h3 class=\"wp-block-heading\"><strong>\u00c9tape 5 et 6:<\/strong><\/h3>\n\n\n\n<p>Ces \u00e9tapes sont facultatives et seulement \u00e0 remplir si vous avez choisi le type de pli central de l&rsquo;\u00e9tiquette avec du texte et des symboles de lavage de l&rsquo;autre c\u00f4t\u00e9. Pour une explication \u00e0 ce sujet, reportez-vous \u00e0 l&rsquo;\u00e9tape 3 sous \u00absymboles de lavage\u00bb.<\/p>\n\n\n\n<h3 class=\"wp-block-heading\"><strong>\u00c9tape 7 et 8: choisissez votre sol et la couleur du texte\/logo<\/strong><\/h3>\n\n\n\n<p>Apr\u00e8s avoir correctement t\u00e9l\u00e9charg\u00e9 votre logo (et \u00e9ventuellement termin\u00e9 les \u00e9tapes 5 et 6), choisissez la couleur d&rsquo;arri\u00e8re-plan souhait\u00e9e \u00e0 l&rsquo;\u00e9tape 7 et la couleur de votre texte \/ figure \u00e0 l&rsquo;\u00e9tape 8. Nominette tisse en utilisant 2 couleurs depuis un ensemble de couleurs standard, propre \u00e0 Nominette. Il existe un assortiment de couleurs de fond et un assortiment de couleurs de texte \/ figure. Malheureusement, ces couleurs ne peuvent pas \u00eatre invers\u00e9es. Cela a \u00e0 voir avec la technique de tissage. Ainsi, une couleur de fond ne peut pas \u00eatre s\u00e9lectionn\u00e9e comme couleur de texte, et vice versa.<strong> <\/strong><\/p>\n\n\n\n<figure class=\"wp-block-image size-large\"><img loading=\"lazy\" decoding=\"async\" width=\"1024\" height=\"163\" src=\"https:\/\/www.nominette.fr\/blog\/wp-content\/uploads\/2021\/04\/Etiquette-avec-logo-Nominette-5-1024x163.jpg\" alt=\"\" class=\"wp-image-9803\" srcset=\"https:\/\/www.nominette.fr\/blog\/wp-content\/uploads\/2021\/04\/Etiquette-avec-logo-Nominette-5-1024x163.jpg 1024w, https:\/\/www.nominette.fr\/blog\/wp-content\/uploads\/2021\/04\/Etiquette-avec-logo-Nominette-5-300x48.jpg 300w, https:\/\/www.nominette.fr\/blog\/wp-content\/uploads\/2021\/04\/Etiquette-avec-logo-Nominette-5-768x122.jpg 768w, https:\/\/www.nominette.fr\/blog\/wp-content\/uploads\/2021\/04\/Etiquette-avec-logo-Nominette-5-250x40.jpg 250w, https:\/\/www.nominette.fr\/blog\/wp-content\/uploads\/2021\/04\/Etiquette-avec-logo-Nominette-5-550x87.jpg 550w, https:\/\/www.nominette.fr\/blog\/wp-content\/uploads\/2021\/04\/Etiquette-avec-logo-Nominette-5-800x127.jpg 800w, https:\/\/www.nominette.fr\/blog\/wp-content\/uploads\/2021\/04\/Etiquette-avec-logo-Nominette-5.jpg 1127w\" sizes=\"auto, (max-width: 1024px) 100vw, 1024px\" \/><figcaption><em>Choisissez vos couleurs<\/em><\/figcaption><\/figure>\n\n\n\n<h3 class=\"wp-block-heading\"><strong>Presque fini<\/strong><\/h3>\n\n\n\n<p>Apr\u00e8s avoir choisi les couleurs, la conception de votre \u00e9tiquette est presque pr\u00eate. En dessous le choix de couleurs, vous choisissez le nombre de pi\u00e8ces souhait\u00e9es. Nominette tisse \u00e0 partir de 100 pi\u00e8ces par motif et combinaison de couleurs. Moins de 100 pi\u00e8ces n&rsquo;est malheureusement pas possible. Si vous disposez d&rsquo;un code promotionnel, saisissez-le sous le choix de la quantit\u00e9, puis cliquez sur \u00a0\u00bb commande\u00a0\u00bb.<\/p>\n\n\n\n<figure class=\"wp-block-image size-large\"><img loading=\"lazy\" decoding=\"async\" width=\"1024\" height=\"223\" src=\"https:\/\/www.nominette.fr\/blog\/wp-content\/uploads\/2021\/04\/Etiquette-avec-logo-Nominette-6-1024x223.jpg\" alt=\"\" class=\"wp-image-9808\" srcset=\"https:\/\/www.nominette.fr\/blog\/wp-content\/uploads\/2021\/04\/Etiquette-avec-logo-Nominette-6-1024x223.jpg 1024w, https:\/\/www.nominette.fr\/blog\/wp-content\/uploads\/2021\/04\/Etiquette-avec-logo-Nominette-6-300x65.jpg 300w, https:\/\/www.nominette.fr\/blog\/wp-content\/uploads\/2021\/04\/Etiquette-avec-logo-Nominette-6-768x167.jpg 768w, https:\/\/www.nominette.fr\/blog\/wp-content\/uploads\/2021\/04\/Etiquette-avec-logo-Nominette-6-250x54.jpg 250w, https:\/\/www.nominette.fr\/blog\/wp-content\/uploads\/2021\/04\/Etiquette-avec-logo-Nominette-6-550x120.jpg 550w, https:\/\/www.nominette.fr\/blog\/wp-content\/uploads\/2021\/04\/Etiquette-avec-logo-Nominette-6-800x174.jpg 800w, https:\/\/www.nominette.fr\/blog\/wp-content\/uploads\/2021\/04\/Etiquette-avec-logo-Nominette-6-826x180.jpg 826w, https:\/\/www.nominette.fr\/blog\/wp-content\/uploads\/2021\/04\/Etiquette-avec-logo-Nominette-6.jpg 1189w\" sizes=\"auto, (max-width: 1024px) 100vw, 1024px\" \/><figcaption><em>Choisissez votre quantit\u00e9<\/em><\/figcaption><\/figure>\n\n\n\n<p>Vous serez alors redirig\u00e9 vers la page de votre panier. Nous vous recommandons vivement de v\u00e9rifier attentivement votre commande en cliquant sur \u00ab\u00a0cliquez ici pour un aper\u00e7u\u00a0\u00bb. Vous verrez maintenant \u00e0 nouveau la simulation de votre commande et vous pourrez v\u00e9rifier si tout s&rsquo;est bien pass\u00e9. Si tel est le cas, vous pouvez terminer la commande en saisissant vos coordonn\u00e9es et en effectuant le paiement.<\/p>\n\n\n\n<figure class=\"wp-block-image size-large\"><img loading=\"lazy\" decoding=\"async\" width=\"1024\" height=\"612\" src=\"https:\/\/www.nominette.fr\/blog\/wp-content\/uploads\/2021\/04\/Etiquette-avec-logo-Nominette-7-1024x612.png\" alt=\"\" class=\"wp-image-9814\" srcset=\"https:\/\/www.nominette.fr\/blog\/wp-content\/uploads\/2021\/04\/Etiquette-avec-logo-Nominette-7-1024x612.png 1024w, https:\/\/www.nominette.fr\/blog\/wp-content\/uploads\/2021\/04\/Etiquette-avec-logo-Nominette-7-300x179.png 300w, https:\/\/www.nominette.fr\/blog\/wp-content\/uploads\/2021\/04\/Etiquette-avec-logo-Nominette-7-768x459.png 768w, https:\/\/www.nominette.fr\/blog\/wp-content\/uploads\/2021\/04\/Etiquette-avec-logo-Nominette-7-250x149.png 250w, https:\/\/www.nominette.fr\/blog\/wp-content\/uploads\/2021\/04\/Etiquette-avec-logo-Nominette-7-550x329.png 550w, https:\/\/www.nominette.fr\/blog\/wp-content\/uploads\/2021\/04\/Etiquette-avec-logo-Nominette-7-800x478.png 800w, https:\/\/www.nominette.fr\/blog\/wp-content\/uploads\/2021\/04\/Etiquette-avec-logo-Nominette-7-301x180.png 301w, https:\/\/www.nominette.fr\/blog\/wp-content\/uploads\/2021\/04\/Etiquette-avec-logo-Nominette-7-502x300.png 502w, https:\/\/www.nominette.fr\/blog\/wp-content\/uploads\/2021\/04\/Etiquette-avec-logo-Nominette-7-837x500.png 837w, https:\/\/www.nominette.fr\/blog\/wp-content\/uploads\/2021\/04\/Etiquette-avec-logo-Nominette-7.png 1165w\" sizes=\"auto, (max-width: 1024px) 100vw, 1024px\" \/><figcaption><em>V\u00e9rifiez votre commande dans votre panier<\/em><\/figcaption><\/figure>\n\n\n\n<h3 class=\"wp-block-heading\"><strong>R\u00e9ussi!<\/strong><\/h3>\n\n\n\n<p>Apr\u00e8s avoir finalis\u00e9 la commande, vous recevrez une confirmation de commande par courriel apr\u00e8s quelques minutes. Dans la pi\u00e8ce jointe de cet e-mail, vous trouverez la facture, qui contient \u00e0 nouveau la simulation. Veuillez \u00e9galement v\u00e9rifier ceci attentivement. Votre commande passera automatiquement en production.<\/p>\n\n\n\n<figure class=\"wp-block-image size-large\"><img loading=\"lazy\" decoding=\"async\" width=\"1024\" height=\"768\" src=\"https:\/\/www.nominette.fr\/blog\/wp-content\/uploads\/2021\/04\/Label-met-logo-Nominette-1024x768.jpg\" alt=\"Etiquette avec logo\" class=\"wp-image-9615\" srcset=\"https:\/\/www.nominette.fr\/blog\/wp-content\/uploads\/2021\/04\/Label-met-logo-Nominette-1024x768.jpg 1024w, https:\/\/www.nominette.fr\/blog\/wp-content\/uploads\/2021\/04\/Label-met-logo-Nominette-300x225.jpg 300w, https:\/\/www.nominette.fr\/blog\/wp-content\/uploads\/2021\/04\/Label-met-logo-Nominette-768x576.jpg 768w, https:\/\/www.nominette.fr\/blog\/wp-content\/uploads\/2021\/04\/Label-met-logo-Nominette-1536x1152.jpg 1536w, https:\/\/www.nominette.fr\/blog\/wp-content\/uploads\/2021\/04\/Label-met-logo-Nominette-2048x1536.jpg 2048w, https:\/\/www.nominette.fr\/blog\/wp-content\/uploads\/2021\/04\/Label-met-logo-Nominette-250x188.jpg 250w, https:\/\/www.nominette.fr\/blog\/wp-content\/uploads\/2021\/04\/Label-met-logo-Nominette-550x413.jpg 550w, https:\/\/www.nominette.fr\/blog\/wp-content\/uploads\/2021\/04\/Label-met-logo-Nominette-800x600.jpg 800w, https:\/\/www.nominette.fr\/blog\/wp-content\/uploads\/2021\/04\/Label-met-logo-Nominette-240x180.jpg 240w, https:\/\/www.nominette.fr\/blog\/wp-content\/uploads\/2021\/04\/Label-met-logo-Nominette-400x300.jpg 400w, https:\/\/www.nominette.fr\/blog\/wp-content\/uploads\/2021\/04\/Label-met-logo-Nominette-667x500.jpg 667w\" sizes=\"auto, (max-width: 1024px) 100vw, 1024px\" \/><\/figure>\n\n\n\n<p>Si vous avez encore des questions sur la conception d&rsquo;une \u00e9tiquette avec logo apr\u00e8s avoir lu cet article, veuillez contacter notre service client avant de passer la commande. Malheureusement, nous ne pouvons pas modifier une commande d\u00e9j\u00e0 en production. Vous ne recevez pas d&rsquo;e-mail avec la confirmation de commande? Alors n&rsquo;h\u00e9sitez pas \u00e0 nous contacter, s&rsquo;il vous pla\u00eet. \u00cates-vous toujours \u00e0 la recherche d&rsquo;un autre type d&rsquo;\u00e9tiquette qu&rsquo;une \u00e9tiquette avec un logo? Dans le blog \u00ab\u00a0<a href=\"https:\/\/www.nominette.fr\/blog\/creez-vos-etiquettes-tissees\/quel-type-detiquette-choisir\" target=\"_blank\" rel=\"noreferrer noopener\" aria-label=\" (opens in a new tab)\">Quel type d&rsquo;\u00e9tiquette choisir?<\/a>\u00a0\u00bb nous expliquons tous nos types d&rsquo;\u00e9tiquettes.<\/p>\n\n\n\n<p>Nous esp\u00e9rons que ce manuel vous ait rendu service pour commander vos \u00e9tiquettes et que la cr\u00e9ation de vos propres \u00e9tiquettes de logo vous fasse plaisir!<\/p>\n","protected":false},"excerpt":{"rendered":"<p>Qu&rsquo;est-ce qui rendra votre propre produit encore plus customis\u00e9 et professionnel qu&rsquo;une \u00e9tiquette avec votre propre logo? Vous pouvez facilement cr\u00e9er votre propre \u00e9tiquette avec un logo en suivant les \u00e9tapes sur la page Web.&nbsp;Il vous reste encore des questions? Alors l\u2019explication suivante est fait pour vous aider d\u2019avantage. Votre propre logo Pour pouvoir commencer&hellip;<\/p>\n","protected":false},"author":1,"featured_media":9819,"comment_status":"closed","ping_status":"closed","sticky":false,"template":"","format":"standard","meta":{"footnotes":""},"categories":[522,507],"tags":[531,499,525],"class_list":["post-9773","post","type-post","status-publish","format-standard","has-post-thumbnail","hentry","category-creez-vos-etiquettes-tissees","category-faq-5","tag-etiquette-avec-logo","tag-faq","tag-logo"],"yoast_head":"<!-- This site is optimized with the Yoast SEO plugin v24.7 - https:\/\/yoast.com\/wordpress\/plugins\/seo\/ -->\n<title>Cr\u00e9er une \u00e9tiquette avec logo - \u00e0 quoi dois-je faire attention? - Nominette<\/title>\n<meta name=\"description\" content=\"Vous souhaitez cr\u00e9er votre propre \u00e9tiquette tiss\u00e9e avec un logo chez Nominette. Avec ce guide, nous vous guiderons \u00e0 travers le processus \u00e9tape par \u00e9tape.\" \/>\n<meta name=\"robots\" content=\"index, follow, max-snippet:-1, max-image-preview:large, max-video-preview:-1\" \/>\n<link rel=\"canonical\" href=\"https:\/\/www.nominette.fr\/blog\/creez-vos-etiquettes-tissees\/creer-une-etiquette-avec-logo-a-quoi-dois-je-faire-attention\" \/>\n<meta property=\"og:locale\" content=\"fr_FR\" \/>\n<meta property=\"og:type\" content=\"article\" \/>\n<meta property=\"og:title\" content=\"Cr\u00e9er une \u00e9tiquette avec logo - \u00e0 quoi dois-je faire attention? - Nominette\" \/>\n<meta property=\"og:description\" content=\"Vous souhaitez cr\u00e9er votre propre \u00e9tiquette tiss\u00e9e avec un logo chez Nominette. Avec ce guide, nous vous guiderons \u00e0 travers le processus \u00e9tape par \u00e9tape.\" \/>\n<meta property=\"og:url\" content=\"https:\/\/www.nominette.fr\/blog\/creez-vos-etiquettes-tissees\/creer-une-etiquette-avec-logo-a-quoi-dois-je-faire-attention\" \/>\n<meta property=\"og:site_name\" content=\"Nominette\" \/>\n<meta property=\"article:publisher\" content=\"https:\/\/www.facebook.com\/Nominette\" \/>\n<meta property=\"article:published_time\" content=\"2021-04-29T12:44:46+00:00\" \/>\n<meta property=\"article:modified_time\" content=\"2021-05-04T08:51:34+00:00\" \/>\n<meta property=\"og:image\" content=\"https:\/\/www.nominette.fr\/blog\/wp-content\/uploads\/2021\/04\/Etiquette-avec-logo-Nominette1-scaled.jpg\" \/>\n\t<meta property=\"og:image:width\" content=\"2560\" \/>\n\t<meta property=\"og:image:height\" content=\"1707\" \/>\n\t<meta property=\"og:image:type\" content=\"image\/jpeg\" \/>\n<meta name=\"author\" content=\"Nominette\" \/>\n<meta name=\"twitter:card\" content=\"summary_large_image\" \/>\n<meta name=\"twitter:creator\" content=\"@nominette\" \/>\n<meta name=\"twitter:site\" content=\"@nominette\" \/>\n<meta name=\"twitter:label1\" content=\"\u00c9crit par\" \/>\n\t<meta name=\"twitter:data1\" content=\"Nominette\" \/>\n\t<meta name=\"twitter:label2\" content=\"Dur\u00e9e de lecture estim\u00e9e\" \/>\n\t<meta name=\"twitter:data2\" content=\"9 minutes\" \/>\n<script type=\"application\/ld+json\" class=\"yoast-schema-graph\">{\"@context\":\"https:\/\/schema.org\",\"@graph\":[{\"@type\":\"WebPage\",\"@id\":\"https:\/\/www.nominette.fr\/blog\/creez-vos-etiquettes-tissees\/creer-une-etiquette-avec-logo-a-quoi-dois-je-faire-attention\",\"url\":\"https:\/\/www.nominette.fr\/blog\/creez-vos-etiquettes-tissees\/creer-une-etiquette-avec-logo-a-quoi-dois-je-faire-attention\",\"name\":\"Cr\u00e9er une \u00e9tiquette avec logo - \u00e0 quoi dois-je faire attention? - Nominette\",\"isPartOf\":{\"@id\":\"https:\/\/www.nominette.fr\/blog#website\"},\"primaryImageOfPage\":{\"@id\":\"https:\/\/www.nominette.fr\/blog\/creez-vos-etiquettes-tissees\/creer-une-etiquette-avec-logo-a-quoi-dois-je-faire-attention#primaryimage\"},\"image\":{\"@id\":\"https:\/\/www.nominette.fr\/blog\/creez-vos-etiquettes-tissees\/creer-une-etiquette-avec-logo-a-quoi-dois-je-faire-attention#primaryimage\"},\"thumbnailUrl\":\"https:\/\/www.nominette.fr\/blog\/wp-content\/uploads\/2021\/04\/Etiquette-avec-logo-Nominette1-scaled.jpg\",\"datePublished\":\"2021-04-29T12:44:46+00:00\",\"dateModified\":\"2021-05-04T08:51:34+00:00\",\"author\":{\"@id\":\"https:\/\/www.nominette.fr\/blog#\/schema\/person\/365e9a7b5a80cfd63ce70841993dafc6\"},\"description\":\"Vous souhaitez cr\u00e9er votre propre \u00e9tiquette tiss\u00e9e avec un logo chez Nominette. Avec ce guide, nous vous guiderons \u00e0 travers le processus \u00e9tape par \u00e9tape.\",\"breadcrumb\":{\"@id\":\"https:\/\/www.nominette.fr\/blog\/creez-vos-etiquettes-tissees\/creer-une-etiquette-avec-logo-a-quoi-dois-je-faire-attention#breadcrumb\"},\"inLanguage\":\"fr-FR\",\"potentialAction\":[{\"@type\":\"ReadAction\",\"target\":[\"https:\/\/www.nominette.fr\/blog\/creez-vos-etiquettes-tissees\/creer-une-etiquette-avec-logo-a-quoi-dois-je-faire-attention\"]}]},{\"@type\":\"ImageObject\",\"inLanguage\":\"fr-FR\",\"@id\":\"https:\/\/www.nominette.fr\/blog\/creez-vos-etiquettes-tissees\/creer-une-etiquette-avec-logo-a-quoi-dois-je-faire-attention#primaryimage\",\"url\":\"https:\/\/www.nominette.fr\/blog\/wp-content\/uploads\/2021\/04\/Etiquette-avec-logo-Nominette1-scaled.jpg\",\"contentUrl\":\"https:\/\/www.nominette.fr\/blog\/wp-content\/uploads\/2021\/04\/Etiquette-avec-logo-Nominette1-scaled.jpg\",\"width\":2560,\"height\":1707,\"caption\":\"Etiquette avec logo Nominette\"},{\"@type\":\"BreadcrumbList\",\"@id\":\"https:\/\/www.nominette.fr\/blog\/creez-vos-etiquettes-tissees\/creer-une-etiquette-avec-logo-a-quoi-dois-je-faire-attention#breadcrumb\",\"itemListElement\":[{\"@type\":\"ListItem\",\"position\":1,\"name\":\"Home\",\"item\":\"https:\/\/www.nominette.fr\/blog\"},{\"@type\":\"ListItem\",\"position\":2,\"name\":\"Cr\u00e9er une \u00e9tiquette avec logo &#8211; \u00e0 quoi dois-je faire attention?\"}]},{\"@type\":\"WebSite\",\"@id\":\"https:\/\/www.nominette.fr\/blog#website\",\"url\":\"https:\/\/www.nominette.fr\/blog\",\"name\":\"Nominette\",\"description\":\"gepersonaliseerde labels voor handgemaakte spulletjes\",\"potentialAction\":[{\"@type\":\"SearchAction\",\"target\":{\"@type\":\"EntryPoint\",\"urlTemplate\":\"https:\/\/www.nominette.fr\/blog?s={search_term_string}\"},\"query-input\":{\"@type\":\"PropertyValueSpecification\",\"valueRequired\":true,\"valueName\":\"search_term_string\"}}],\"inLanguage\":\"fr-FR\"},{\"@type\":\"Person\",\"@id\":\"https:\/\/www.nominette.fr\/blog#\/schema\/person\/365e9a7b5a80cfd63ce70841993dafc6\",\"name\":\"Nominette\",\"image\":{\"@type\":\"ImageObject\",\"inLanguage\":\"fr-FR\",\"@id\":\"https:\/\/www.nominette.fr\/blog#\/schema\/person\/image\/\",\"url\":\"https:\/\/secure.gravatar.com\/avatar\/6ab92dc068d690f939e3a4dc1373a3030899b42a58fd9e031f614af68b9db652?s=96&d=mm&r=g\",\"contentUrl\":\"https:\/\/secure.gravatar.com\/avatar\/6ab92dc068d690f939e3a4dc1373a3030899b42a58fd9e031f614af68b9db652?s=96&d=mm&r=g\",\"caption\":\"Nominette\"},\"url\":\"https:\/\/www.nominette.fr\/blog\/author\/nominette\"}]}<\/script>\n<!-- \/ Yoast SEO plugin. -->","yoast_head_json":{"title":"Cr\u00e9er une \u00e9tiquette avec logo - \u00e0 quoi dois-je faire attention? - Nominette","description":"Vous souhaitez cr\u00e9er votre propre \u00e9tiquette tiss\u00e9e avec un logo chez Nominette. Avec ce guide, nous vous guiderons \u00e0 travers le processus \u00e9tape par \u00e9tape.","robots":{"index":"index","follow":"follow","max-snippet":"max-snippet:-1","max-image-preview":"max-image-preview:large","max-video-preview":"max-video-preview:-1"},"canonical":"https:\/\/www.nominette.fr\/blog\/creez-vos-etiquettes-tissees\/creer-une-etiquette-avec-logo-a-quoi-dois-je-faire-attention","og_locale":"fr_FR","og_type":"article","og_title":"Cr\u00e9er une \u00e9tiquette avec logo - \u00e0 quoi dois-je faire attention? - Nominette","og_description":"Vous souhaitez cr\u00e9er votre propre \u00e9tiquette tiss\u00e9e avec un logo chez Nominette. Avec ce guide, nous vous guiderons \u00e0 travers le processus \u00e9tape par \u00e9tape.","og_url":"https:\/\/www.nominette.fr\/blog\/creez-vos-etiquettes-tissees\/creer-une-etiquette-avec-logo-a-quoi-dois-je-faire-attention","og_site_name":"Nominette","article_publisher":"https:\/\/www.facebook.com\/Nominette","article_published_time":"2021-04-29T12:44:46+00:00","article_modified_time":"2021-05-04T08:51:34+00:00","og_image":[{"width":2560,"height":1707,"url":"https:\/\/www.nominette.fr\/blog\/wp-content\/uploads\/2021\/04\/Etiquette-avec-logo-Nominette1-scaled.jpg","type":"image\/jpeg"}],"author":"Nominette","twitter_card":"summary_large_image","twitter_creator":"@nominette","twitter_site":"@nominette","twitter_misc":{"\u00c9crit par":"Nominette","Dur\u00e9e de lecture estim\u00e9e":"9 minutes"},"schema":{"@context":"https:\/\/schema.org","@graph":[{"@type":"WebPage","@id":"https:\/\/www.nominette.fr\/blog\/creez-vos-etiquettes-tissees\/creer-une-etiquette-avec-logo-a-quoi-dois-je-faire-attention","url":"https:\/\/www.nominette.fr\/blog\/creez-vos-etiquettes-tissees\/creer-une-etiquette-avec-logo-a-quoi-dois-je-faire-attention","name":"Cr\u00e9er une \u00e9tiquette avec logo - \u00e0 quoi dois-je faire attention? - Nominette","isPartOf":{"@id":"https:\/\/www.nominette.fr\/blog#website"},"primaryImageOfPage":{"@id":"https:\/\/www.nominette.fr\/blog\/creez-vos-etiquettes-tissees\/creer-une-etiquette-avec-logo-a-quoi-dois-je-faire-attention#primaryimage"},"image":{"@id":"https:\/\/www.nominette.fr\/blog\/creez-vos-etiquettes-tissees\/creer-une-etiquette-avec-logo-a-quoi-dois-je-faire-attention#primaryimage"},"thumbnailUrl":"https:\/\/www.nominette.fr\/blog\/wp-content\/uploads\/2021\/04\/Etiquette-avec-logo-Nominette1-scaled.jpg","datePublished":"2021-04-29T12:44:46+00:00","dateModified":"2021-05-04T08:51:34+00:00","author":{"@id":"https:\/\/www.nominette.fr\/blog#\/schema\/person\/365e9a7b5a80cfd63ce70841993dafc6"},"description":"Vous souhaitez cr\u00e9er votre propre \u00e9tiquette tiss\u00e9e avec un logo chez Nominette. Avec ce guide, nous vous guiderons \u00e0 travers le processus \u00e9tape par \u00e9tape.","breadcrumb":{"@id":"https:\/\/www.nominette.fr\/blog\/creez-vos-etiquettes-tissees\/creer-une-etiquette-avec-logo-a-quoi-dois-je-faire-attention#breadcrumb"},"inLanguage":"fr-FR","potentialAction":[{"@type":"ReadAction","target":["https:\/\/www.nominette.fr\/blog\/creez-vos-etiquettes-tissees\/creer-une-etiquette-avec-logo-a-quoi-dois-je-faire-attention"]}]},{"@type":"ImageObject","inLanguage":"fr-FR","@id":"https:\/\/www.nominette.fr\/blog\/creez-vos-etiquettes-tissees\/creer-une-etiquette-avec-logo-a-quoi-dois-je-faire-attention#primaryimage","url":"https:\/\/www.nominette.fr\/blog\/wp-content\/uploads\/2021\/04\/Etiquette-avec-logo-Nominette1-scaled.jpg","contentUrl":"https:\/\/www.nominette.fr\/blog\/wp-content\/uploads\/2021\/04\/Etiquette-avec-logo-Nominette1-scaled.jpg","width":2560,"height":1707,"caption":"Etiquette avec logo Nominette"},{"@type":"BreadcrumbList","@id":"https:\/\/www.nominette.fr\/blog\/creez-vos-etiquettes-tissees\/creer-une-etiquette-avec-logo-a-quoi-dois-je-faire-attention#breadcrumb","itemListElement":[{"@type":"ListItem","position":1,"name":"Home","item":"https:\/\/www.nominette.fr\/blog"},{"@type":"ListItem","position":2,"name":"Cr\u00e9er une \u00e9tiquette avec logo &#8211; \u00e0 quoi dois-je faire attention?"}]},{"@type":"WebSite","@id":"https:\/\/www.nominette.fr\/blog#website","url":"https:\/\/www.nominette.fr\/blog","name":"Nominette","description":"gepersonaliseerde labels voor handgemaakte spulletjes","potentialAction":[{"@type":"SearchAction","target":{"@type":"EntryPoint","urlTemplate":"https:\/\/www.nominette.fr\/blog?s={search_term_string}"},"query-input":{"@type":"PropertyValueSpecification","valueRequired":true,"valueName":"search_term_string"}}],"inLanguage":"fr-FR"},{"@type":"Person","@id":"https:\/\/www.nominette.fr\/blog#\/schema\/person\/365e9a7b5a80cfd63ce70841993dafc6","name":"Nominette","image":{"@type":"ImageObject","inLanguage":"fr-FR","@id":"https:\/\/www.nominette.fr\/blog#\/schema\/person\/image\/","url":"https:\/\/secure.gravatar.com\/avatar\/6ab92dc068d690f939e3a4dc1373a3030899b42a58fd9e031f614af68b9db652?s=96&d=mm&r=g","contentUrl":"https:\/\/secure.gravatar.com\/avatar\/6ab92dc068d690f939e3a4dc1373a3030899b42a58fd9e031f614af68b9db652?s=96&d=mm&r=g","caption":"Nominette"},"url":"https:\/\/www.nominette.fr\/blog\/author\/nominette"}]}},"_links":{"self":[{"href":"https:\/\/www.nominette.fr\/blog\/wp-json\/wp\/v2\/posts\/9773","targetHints":{"allow":["GET"]}}],"collection":[{"href":"https:\/\/www.nominette.fr\/blog\/wp-json\/wp\/v2\/posts"}],"about":[{"href":"https:\/\/www.nominette.fr\/blog\/wp-json\/wp\/v2\/types\/post"}],"author":[{"embeddable":true,"href":"https:\/\/www.nominette.fr\/blog\/wp-json\/wp\/v2\/users\/1"}],"replies":[{"embeddable":true,"href":"https:\/\/www.nominette.fr\/blog\/wp-json\/wp\/v2\/comments?post=9773"}],"version-history":[{"count":11,"href":"https:\/\/www.nominette.fr\/blog\/wp-json\/wp\/v2\/posts\/9773\/revisions"}],"predecessor-version":[{"id":9834,"href":"https:\/\/www.nominette.fr\/blog\/wp-json\/wp\/v2\/posts\/9773\/revisions\/9834"}],"wp:featuredmedia":[{"embeddable":true,"href":"https:\/\/www.nominette.fr\/blog\/wp-json\/wp\/v2\/media\/9819"}],"wp:attachment":[{"href":"https:\/\/www.nominette.fr\/blog\/wp-json\/wp\/v2\/media?parent=9773"}],"wp:term":[{"taxonomy":"category","embeddable":true,"href":"https:\/\/www.nominette.fr\/blog\/wp-json\/wp\/v2\/categories?post=9773"},{"taxonomy":"post_tag","embeddable":true,"href":"https:\/\/www.nominette.fr\/blog\/wp-json\/wp\/v2\/tags?post=9773"}],"curies":[{"name":"wp","href":"https:\/\/api.w.org\/{rel}","templated":true}]}}